{"id":3194,"date":"2023-05-04T09:31:07","date_gmt":"2023-05-04T07:31:07","guid":{"rendered":"https:\/\/www.mv-kleinneusiedl.com\/?p=3194"},"modified":"2023-05-04T09:31:07","modified_gmt":"2023-05-04T07:31:07","slug":"fackelzug-und-maibaum-feier","status":"publish","type":"post","link":"https:\/\/www.mv-kleinneusiedl.com\/?p=3194","title":{"rendered":"Fackelzug und Maibaum-Feier"},"content":{"rendered":"\n<p>Maibaum, Platzkonzert bei fast noch Sonnenschein, Fackelzug in wundersch\u00f6n-romantischer Abendstimmung &#8211; viel sch\u00f6ner und klischeehafter h\u00e4tten wir heuer gar nicht in den 1. Mai reinfeiern k\u00f6nnen! <img loading=\"lazy\" decoding=\"async\" alt=\"&#x1f3bc;\" src=\"https:\/\/static.xx.fbcdn.net\/images\/emoji.php\/v9\/tcc\/1\/16\/1f3bc.png\" width=\"16\" height=\"16\"><img loading=\"lazy\" decoding=\"async\" alt=\"&#x1f525;\" src=\"https:\/\/static.xx.fbcdn.net\/images\/emoji.php\/v9\/t50\/1\/16\/1f525.png\" width=\"16\" height=\"16\"><img loading=\"lazy\" decoding=\"async\" alt=\"&#x1f692;\" src=\"https:\/\/static.xx.fbcdn.net\/images\/emoji.php\/v9\/t67\/1\/16\/1f692.png\" width=\"16\" height=\"16\"><img loading=\"lazy\" decoding=\"async\" alt=\"&#x1f469;&#x200d;&#x1f692;\" src=\"https:\/\/static.xx.fbcdn.net\/images\/emoji.php\/v9\/td3\/1\/16\/1f469_200d_1f692.png\" width=\"16\" height=\"16\"><\/p>\n\n\n\n<p>(einzig die zwei, drei anwesenden Rapid Fans haben beim anschlie\u00dfenden Public Viewing zum Cupfinale vielleicht ein bisserl mit dem Abend gehadert, aber das kann man ja wirklich nicht uns vorwerfen&#8230; <img loading=\"lazy\" decoding=\"async\" width=\"16\" height=\"16\" src=\"https:\/\/static.xx.fbcdn.net\/images\/emoji.php\/v9\/t57\/1\/16\/1f609.png\" alt=\"&#x1f609;\">)<\/p>\n\n\n\nngg_shortcode_0_placeholder\n","protected":false},"excerpt":{"rendered":"<p>Maibaum, Platzkonzert bei fast noch Sonnenschein, Fackelzug in wundersch\u00f6n-romantischer Abendstimmung &#8211; viel sch\u00f6ner und klischeehafter h\u00e4tten wir heuer gar nicht in den 1. Mai reinfeiern k\u00f6nnen! (einzig die zwei, drei anwesenden Rapid Fans haben beim anschlie\u00dfenden Public Viewing zum Cupfinale vielleicht ein bisserl mit dem Abend gehadert, aber das kann man ja wirklich nicht uns [&hellip;]<\/p>\n","protected":false},"author":2,"featured_media":3275,"comment_status":"open","ping_status":"open","sticky":false,"template":"","format":"standard","meta":{"ngg_post_thumbnail":0,"footnotes":""},"categories":[10],"tags":[],"class_list":["post-3194","post","type-post","status-publish","format-standard","has-post-thumbnail","hentry","category-auftritt"],"_links":{"self":[{"href":"https:\/\/www.mv-kleinneusiedl.com\/index.php?rest_route=\/wp\/v2\/posts\/3194","targetHints":{"allow":["GET"]}}],"collection":[{"href":"https:\/\/www.mv-kleinneusiedl.com\/index.php?rest_route=\/wp\/v2\/posts"}],"about":[{"href":"https:\/\/www.mv-kleinneusiedl.com\/index.php?rest_route=\/wp\/v2\/types\/post"}],"author":[{"embeddable":true,"href":"https:\/\/www.mv-kleinneusiedl.com\/index.php?rest_route=\/wp\/v2\/users\/2"}],"replies":[{"embeddable":true,"href":"https:\/\/www.mv-kleinneusiedl.com\/index.php?rest_route=%2Fwp%2Fv2%2Fcomments&post=3194"}],"version-history":[{"count":1,"href":"https:\/\/www.mv-kleinneusiedl.com\/index.php?rest_route=\/wp\/v2\/posts\/3194\/revisions"}],"predecessor-version":[{"id":3274,"href":"https:\/\/www.mv-kleinneusiedl.com\/index.php?rest_route=\/wp\/v2\/posts\/3194\/revisions\/3274"}],"wp:featuredmedia":[{"embeddable":true,"href":"https:\/\/www.mv-kleinneusiedl.com\/index.php?rest_route=\/wp\/v2\/media\/3275"}],"wp:attachment":[{"href":"https:\/\/www.mv-kleinneusiedl.com\/index.php?rest_route=%2Fwp%2Fv2%2Fmedia&parent=3194"}],"wp:term":[{"taxonomy":"category","embeddable":true,"href":"https:\/\/www.mv-kleinneusiedl.com\/index.php?rest_route=%2Fwp%2Fv2%2Fcategories&post=3194"},{"taxonomy":"post_tag","embeddable":true,"href":"https:\/\/www.mv-kleinneusiedl.com\/index.php?rest_route=%2Fwp%2Fv2%2Ftags&post=3194"}],"curies":[{"name":"wp","href":"https:\/\/api.w.org\/{rel}","templated":true}]}}