{"id":3160,"date":"2023-01-09T14:58:06","date_gmt":"2023-01-09T13:58:06","guid":{"rendered":"https:\/\/www.mv-kleinneusiedl.com\/?p=3160"},"modified":"2023-01-09T14:58:06","modified_gmt":"2023-01-09T13:58:06","slug":"aus-den-medien-bezirksblaetter-kritik-neujahrskonzert-2023","status":"publish","type":"post","link":"https:\/\/www.mv-kleinneusiedl.com\/?p=3160","title":{"rendered":"Aus den Medien: Bezirksbl\u00e4tter-Kritik Neujahrskonzert 2023"},"content":{"rendered":"\n<blockquote class=\"wp-block-quote is-layout-flow wp-block-quote-is-layout-flow\">\n<p><strong>Musikverein startet fulminant in das Jubeljahr<\/strong><\/p>\n<cite>meinbezirk.at, 09.01.2023<\/cite><\/blockquote>\n\n\n\n<p>Was die Bezirksbl\u00e4tter sonst noch so \u00fcber unser Neujahrskonzert sagen, k\u00f6nnt ihr <a href=\"https:\/\/www.meinbezirk.at\/schwechat\/c-leute\/musikverein-startet-fulminanten-in-das-jubeljahr_a5803513#gallery=null\">hier<\/a> nachlesen.<\/p>\n","protected":false},"excerpt":{"rendered":"<p>Musikverein startet fulminant in das Jubeljahr meinbezirk.at, 09.01.2023 Was die Bezirksbl\u00e4tter sonst noch so \u00fcber unser Neujahrskonzert sagen, k\u00f6nnt ihr hier nachlesen.<\/p>\n","protected":false},"author":2,"featured_media":3161,"comment_status":"open","ping_status":"open","sticky":false,"template":"","format":"standard","meta":{"ngg_post_thumbnail":0,"footnotes":""},"categories":[10],"tags":[],"class_list":["post-3160","post","type-post","status-publish","format-standard","has-post-thumbnail","hentry","category-auftritt"],"_links":{"self":[{"href":"https:\/\/www.mv-kleinneusiedl.com\/index.php?rest_route=\/wp\/v2\/posts\/3160","targetHints":{"allow":["GET"]}}],"collection":[{"href":"https:\/\/www.mv-kleinneusiedl.com\/index.php?rest_route=\/wp\/v2\/posts"}],"about":[{"href":"https:\/\/www.mv-kleinneusiedl.com\/index.php?rest_route=\/wp\/v2\/types\/post"}],"author":[{"embeddable":true,"href":"https:\/\/www.mv-kleinneusiedl.com\/index.php?rest_route=\/wp\/v2\/users\/2"}],"replies":[{"embeddable":true,"href":"https:\/\/www.mv-kleinneusiedl.com\/index.php?rest_route=%2Fwp%2Fv2%2Fcomments&post=3160"}],"version-history":[{"count":1,"href":"https:\/\/www.mv-kleinneusiedl.com\/index.php?rest_route=\/wp\/v2\/posts\/3160\/revisions"}],"predecessor-version":[{"id":3162,"href":"https:\/\/www.mv-kleinneusiedl.com\/index.php?rest_route=\/wp\/v2\/posts\/3160\/revisions\/3162"}],"wp:featuredmedia":[{"embeddable":true,"href":"https:\/\/www.mv-kleinneusiedl.com\/index.php?rest_route=\/wp\/v2\/media\/3161"}],"wp:attachment":[{"href":"https:\/\/www.mv-kleinneusiedl.com\/index.php?rest_route=%2Fwp%2Fv2%2Fmedia&parent=3160"}],"wp:term":[{"taxonomy":"category","embeddable":true,"href":"https:\/\/www.mv-kleinneusiedl.com\/index.php?rest_route=%2Fwp%2Fv2%2Fcategories&post=3160"},{"taxonomy":"post_tag","embeddable":true,"href":"https:\/\/www.mv-kleinneusiedl.com\/index.php?rest_route=%2Fwp%2Fv2%2Ftags&post=3160"}],"curies":[{"name":"wp","href":"https:\/\/api.w.org\/{rel}","templated":true}]}}