{"id":2986,"date":"2022-12-27T08:43:23","date_gmt":"2022-12-27T07:43:23","guid":{"rendered":"https:\/\/www.mv-kleinneusiedl.com\/?p=2986"},"modified":"2022-12-27T08:43:23","modified_gmt":"2022-12-27T07:43:23","slug":"kleinneusiedl-aktuell-2-2022","status":"publish","type":"post","link":"https:\/\/www.mv-kleinneusiedl.com\/?p=2986","title":{"rendered":"Kleinneusiedl Aktuell 2\/2022"},"content":{"rendered":"\n<p>Nat\u00fcrlich ist in der neuen Ausgabe von &#8222;Kleinneusiedl Aktuell&#8220; auch wieder ein Text von und \u00fcber uns mit dabei&#8230; &#x1f60d;<\/p>\n\n\n\n<figure class=\"wp-block-gallery has-nested-images columns-default is-cropped wp-block-gallery-1 is-layout-flex wp-block-gallery-is-layout-flex\">\n<figure class=\"wp-block-image size-large\"><img loading=\"lazy\" decoding=\"async\" width=\"1152\" height=\"2048\" data-id=\"2988\" src=\"https:\/\/www.mv-kleinneusiedl.com\/wp\/wp-content\/uploads\/2022\/12\/20221226_080102-1-1152x2048.jpg\" alt=\"\" class=\"wp-image-2988\" srcset=\"https:\/\/www.mv-kleinneusiedl.com\/wp\/wp-content\/uploads\/2022\/12\/20221226_080102-1-1152x2048.jpg 1152w, https:\/\/www.mv-kleinneusiedl.com\/wp\/wp-content\/uploads\/2022\/12\/20221226_080102-1-169x300.jpg 169w, https:\/\/www.mv-kleinneusiedl.com\/wp\/wp-content\/uploads\/2022\/12\/20221226_080102-1-864x1536.jpg 864w, https:\/\/www.mv-kleinneusiedl.com\/wp\/wp-content\/uploads\/2022\/12\/20221226_080102-1-scaled.jpg 1440w\" sizes=\"auto, (max-width: 1152px) 100vw, 1152px\" \/><\/figure>\n\n\n\n<figure class=\"wp-block-image size-large\"><img decoding=\"async\" data-id=\"2987\" src=\"https:\/\/www.mv-kleinneusiedl.com\/wp\/wp-content\/uploads\/2022\/12\/20221226_080041-1.jpg\" alt=\"\" class=\"wp-image-2987\"\/><\/figure>\n<\/figure>\n\n\n\n<p>In gro\u00df und sch\u00f6n zum lesen der ganze Text nochmal hier f\u00fcr euch nat\u00fcrlich&#8230;<\/p>\n\n\n\n<h2 class=\"wp-block-heading\"><strong>Mit Schwung ins Jubil\u00e4umsjahr<\/strong><\/h2>\n\n\n\n<p>Das Jahr 2023 beginnt f\u00fcr den Musikverein Kleinneusiedl gleich mit einem Paukenschlag. Nach zwei Jahren coronabedingter Pause findet endlich wieder das traditionelle Neujahrskonzert statt: Am 6. J\u00e4nner 2023 um 16 Uhr im Volksheim Fischamend und am 08. J\u00e4nner um 16 Uhr das Heimspiel im Musikerheim in Kleinneusiedl.&nbsp;<\/p>\n\n\n\n<h3 class=\"wp-block-heading\">Best of der letzten Jahre<\/h3>\n\n\n\n<p>Das Programm wird dabei aus einem Best-Of der in den letzten zwei Jahre ausgefallenen Konzerte bestehen. Kapellmeister Norbert Kolowrat freut sich schon jetzt: \u201cDie Musiker und ich brennen schon richtig, uns endlich wieder auf der gro\u00dfen B\u00fchne versuchen zu d\u00fcrfen und unser K\u00f6nnen vor Publikum zu pr\u00e4sentieren. Und bei den St\u00fccken haben wir dieses Mal ganz tief in die Notenkiste gegriffen, da sind einige besonders sch\u00f6ne Schmankerl dabei.\u201d<\/p>\n\n\n\n<h3 class=\"wp-block-heading\">Launiger R\u00fcckblick auf die letzten 50 Jahre<\/h3>\n\n\n\n<p>50 Jahre Musikverein sind nicht nur Anla\u00df zum Feiern, sondern auch Gelegenheit zum R\u00fcckblick. Daf\u00fcr hat der Musikverein ein launiges Jubil\u00e4umsmagazin produziert, das ab dem Neujahrskonzert gegen eine freie Spende erworben werden kann. Darin erz\u00e4hlt der Musikverein Geschichte und Geschichterln, holt Altobm\u00e4nner noch mal vor den Vorhang, blickt in die Zukunft und wie es mit dem Musikverein in den n\u00e4chsten 50 Jahren weitergehen wird.<\/p>\n\n\n\n<h3 class=\"wp-block-heading\">Jubil\u00e4umsjahr 2023<\/h3>\n\n\n\n<p>Dabei ist das Neujahrskonzert nur der Startschuss in das Jubil\u00e4umsjahr. Schlie\u00dflich wurde der Musikverein im Jahr 1973, damals noch unter dem&nbsp; Namen Musikverein Enzersdorf\/Fischa-Kleinneusiedl, gegr\u00fcndet und besteht damit seit 50 Jahren. Und dieses Jubil\u00e4um will besonders gefeiert werden. Schon jetzt laufen erste Vorbereitung f\u00fcr den traditionellen Musikerheurigen (wird 2023 von 23. bis 25. Juni 2023 stattfinden. Obmann Hermann Glatzer verr\u00e4t schmunzelnd: \u201cDer Musikerheurigen wird 2023 gro\u00df gefeiert. Wie ich aus dem Organisationskomitee h\u00f6re, wird auch schon an einem Comeback unserer beliebten Samstags-Unterhaltungsshow gearbeitet.\u201d<\/p>\n\n\n\n<h3 class=\"wp-block-heading\">Termine:\u00a0<\/h3>\n\n\n\n<h4 class=\"wp-block-heading\">Neujahrskonzerte am <\/h4>\n\n\n\n<h5 class=\"wp-block-heading\">6. J\u00e4nner 2023 (16 Uhr, Volksheim Fischamend)<\/h5>\n\n\n\n<h5 class=\"wp-block-heading\">08. J\u00e4nner 2023 (16 Uhr, Musikerheim Kleinneusiedl)<\/h5>\n\n\n\n<h4 class=\"wp-block-heading\">Musikerheurigen <\/h4>\n\n\n\n<h5 class=\"wp-block-heading\">von 23. Juni bis 25. Juni 2023 (Musikerheim Kleinneusiedl)<\/h5>\n\n\n\n<figure class=\"wp-block-gallery has-nested-images columns-default is-cropped wp-block-gallery-2 is-layout-flex wp-block-gallery-is-layout-flex\">\n<figure class=\"wp-block-image size-large\"><img loading=\"lazy\" decoding=\"async\" width=\"1410\" height=\"1046\" data-id=\"2989\" src=\"https:\/\/www.mv-kleinneusiedl.com\/wp\/wp-content\/uploads\/2022\/12\/1a.jpg\" alt=\"\" class=\"wp-image-2989\" srcset=\"https:\/\/www.mv-kleinneusiedl.com\/wp\/wp-content\/uploads\/2022\/12\/1a.jpg 1410w, https:\/\/www.mv-kleinneusiedl.com\/wp\/wp-content\/uploads\/2022\/12\/1a-300x223.jpg 300w\" sizes=\"auto, (max-width: 1410px) 100vw, 1410px\" \/><\/figure>\n\n\n\n<figure class=\"wp-block-image size-large\"><img loading=\"lazy\" decoding=\"async\" width=\"1395\" height=\"981\" data-id=\"2990\" src=\"https:\/\/www.mv-kleinneusiedl.com\/wp\/wp-content\/uploads\/2022\/12\/Scannen.jpg\" alt=\"\" class=\"wp-image-2990\" srcset=\"https:\/\/www.mv-kleinneusiedl.com\/wp\/wp-content\/uploads\/2022\/12\/Scannen.jpg 1395w, https:\/\/www.mv-kleinneusiedl.com\/wp\/wp-content\/uploads\/2022\/12\/Scannen-300x211.jpg 300w\" sizes=\"auto, (max-width: 1395px) 100vw, 1395px\" \/><\/figure>\n<\/figure>\n","protected":false},"excerpt":{"rendered":"<p>Nat\u00fcrlich ist in der neuen Ausgabe von &#8222;Kleinneusiedl Aktuell&#8220; auch wieder ein Text von und \u00fcber uns mit dabei&#8230; &#x1f60d; In gro\u00df und sch\u00f6n zum lesen der ganze Text nochmal hier f\u00fcr euch nat\u00fcrlich&#8230; Mit Schwung ins Jubil\u00e4umsjahr Das Jahr 2023 beginnt f\u00fcr den Musikverein Kleinneusiedl gleich mit einem Paukenschlag. Nach zwei Jahren coronabedingter Pause [&hellip;]<\/p>\n","protected":false},"author":2,"featured_media":2987,"comment_status":"open","ping_status":"open","sticky":false,"template":"","format":"standard","meta":{"ngg_post_thumbnail":0,"footnotes":""},"categories":[10,4],"tags":[],"class_list":["post-2986","post","type-post","status-publish","format-standard","has-post-thumbnail","hentry","category-auftritt","category-verein"],"_links":{"self":[{"href":"https:\/\/www.mv-kleinneusiedl.com\/index.php?rest_route=\/wp\/v2\/posts\/2986","targetHints":{"allow":["GET"]}}],"collection":[{"href":"https:\/\/www.mv-kleinneusiedl.com\/index.php?rest_route=\/wp\/v2\/posts"}],"about":[{"href":"https:\/\/www.mv-kleinneusiedl.com\/index.php?rest_route=\/wp\/v2\/types\/post"}],"author":[{"embeddable":true,"href":"https:\/\/www.mv-kleinneusiedl.com\/index.php?rest_route=\/wp\/v2\/users\/2"}],"replies":[{"embeddable":true,"href":"https:\/\/www.mv-kleinneusiedl.com\/index.php?rest_route=%2Fwp%2Fv2%2Fcomments&post=2986"}],"version-history":[{"count":1,"href":"https:\/\/www.mv-kleinneusiedl.com\/index.php?rest_route=\/wp\/v2\/posts\/2986\/revisions"}],"predecessor-version":[{"id":2991,"href":"https:\/\/www.mv-kleinneusiedl.com\/index.php?rest_route=\/wp\/v2\/posts\/2986\/revisions\/2991"}],"wp:featuredmedia":[{"embeddable":true,"href":"https:\/\/www.mv-kleinneusiedl.com\/index.php?rest_route=\/wp\/v2\/media\/2987"}],"wp:attachment":[{"href":"https:\/\/www.mv-kleinneusiedl.com\/index.php?rest_route=%2Fwp%2Fv2%2Fmedia&parent=2986"}],"wp:term":[{"taxonomy":"category","embeddable":true,"href":"https:\/\/www.mv-kleinneusiedl.com\/index.php?rest_route=%2Fwp%2Fv2%2Fcategories&post=2986"},{"taxonomy":"post_tag","embeddable":true,"href":"https:\/\/www.mv-kleinneusiedl.com\/index.php?rest_route=%2Fwp%2Fv2%2Ftags&post=2986"}],"curies":[{"name":"wp","href":"https:\/\/api.w.org\/{rel}","templated":true}]}}