{"id":2910,"date":"2022-12-05T12:34:30","date_gmt":"2022-12-05T11:34:30","guid":{"rendered":"https:\/\/www.mv-kleinneusiedl.com\/?p=2910"},"modified":"2022-12-05T12:34:30","modified_gmt":"2022-12-05T11:34:30","slug":"weihnachtsmarkt-klein-neusiedl-2022","status":"publish","type":"post","link":"https:\/\/www.mv-kleinneusiedl.com\/?p=2910","title":{"rendered":"Weihnachtsmarkt Klein-Neusiedl 2022"},"content":{"rendered":"\n<p>Am 03. Dezember 2022 hat erstmals ein Weihnachtsmarkt in Klein-Neusiedl am Spielplatz in der Kellergasse stattgefunden und alle kamen. Viele viele Besucher, die Vereine mit Punsch- und anderen St\u00e4nden und wir haben f\u00fcr weihnachtliche Stimmung und Musik gesorgt&#8230; Sch\u00f6n wars, gerne n\u00e4chstes Jahr wieder!<\/p>\n\n\n\n<p><\/p>\n\n\n\nngg_shortcode_0_placeholder\n\n\n\n<figure class=\"wp-block-video\"><video controls src=\"blob:https:\/\/www.mv-kleinneusiedl.com\/683f64bc-980a-4257-9704-9c2cc485c4cd\"><\/video><\/figure>\n","protected":false},"excerpt":{"rendered":"<p>Am 03. Dezember 2022 hat erstmals ein Weihnachtsmarkt in Klein-Neusiedl am Spielplatz in der Kellergasse stattgefunden und alle kamen. Viele viele Besucher, die Vereine mit Punsch- und anderen St\u00e4nden und wir haben f\u00fcr weihnachtliche Stimmung und Musik gesorgt&#8230; Sch\u00f6n wars, gerne n\u00e4chstes Jahr wieder!<\/p>\n","protected":false},"author":2,"featured_media":2914,"comment_status":"open","ping_status":"open","sticky":false,"template":"","format":"standard","meta":{"ngg_post_thumbnail":0,"footnotes":""},"categories":[10],"tags":[],"class_list":["post-2910","post","type-post","status-publish","format-standard","has-post-thumbnail","hentry","category-auftritt"],"_links":{"self":[{"href":"https:\/\/www.mv-kleinneusiedl.com\/index.php?rest_route=\/wp\/v2\/posts\/2910","targetHints":{"allow":["GET"]}}],"collection":[{"href":"https:\/\/www.mv-kleinneusiedl.com\/index.php?rest_route=\/wp\/v2\/posts"}],"about":[{"href":"https:\/\/www.mv-kleinneusiedl.com\/index.php?rest_route=\/wp\/v2\/types\/post"}],"author":[{"embeddable":true,"href":"https:\/\/www.mv-kleinneusiedl.com\/index.php?rest_route=\/wp\/v2\/users\/2"}],"replies":[{"embeddable":true,"href":"https:\/\/www.mv-kleinneusiedl.com\/index.php?rest_route=%2Fwp%2Fv2%2Fcomments&post=2910"}],"version-history":[{"count":7,"href":"https:\/\/www.mv-kleinneusiedl.com\/index.php?rest_route=\/wp\/v2\/posts\/2910\/revisions"}],"predecessor-version":[{"id":2920,"href":"https:\/\/www.mv-kleinneusiedl.com\/index.php?rest_route=\/wp\/v2\/posts\/2910\/revisions\/2920"}],"wp:featuredmedia":[{"embeddable":true,"href":"https:\/\/www.mv-kleinneusiedl.com\/index.php?rest_route=\/wp\/v2\/media\/2914"}],"wp:attachment":[{"href":"https:\/\/www.mv-kleinneusiedl.com\/index.php?rest_route=%2Fwp%2Fv2%2Fmedia&parent=2910"}],"wp:term":[{"taxonomy":"category","embeddable":true,"href":"https:\/\/www.mv-kleinneusiedl.com\/index.php?rest_route=%2Fwp%2Fv2%2Fcategories&post=2910"},{"taxonomy":"post_tag","embeddable":true,"href":"https:\/\/www.mv-kleinneusiedl.com\/index.php?rest_route=%2Fwp%2Fv2%2Ftags&post=2910"}],"curies":[{"name":"wp","href":"https:\/\/api.w.org\/{rel}","templated":true}]}}