{"id":2883,"date":"2022-11-09T10:24:02","date_gmt":"2022-11-09T09:24:02","guid":{"rendered":"https:\/\/www.mv-kleinneusiedl.com\/?p=2883"},"modified":"2022-11-09T10:24:02","modified_gmt":"2022-11-09T09:24:02","slug":"es-weihnachtet-sehr","status":"publish","type":"post","link":"https:\/\/www.mv-kleinneusiedl.com\/?p=2883","title":{"rendered":"Es weihnachtet sehr"},"content":{"rendered":"\n<p>Kalender raus, Termin eintragen! Am 3. Dezember 2022 findet ab 15 Uhr in der Kellerzeile in Klein-Neusiedl ein Weihnachtsmarkt mit zahlreichen Kleinneusiedler Unternehmen und Vereinen statt. Und wir sind nat\u00fcrlich auch dabei und sorgen von 16 bis 17 Uhr mit weihnachtlicher Musik f\u00fcr eine hoffentlich sch\u00f6ne, besinnliche Stimmung. Wir sehen uns hoffentlich alle am 3. Dezember bei Gl\u00fchwein und Maroni!<\/p>\n\n\n\n<figure class=\"wp-block-image size-full\"><img loading=\"lazy\" decoding=\"async\" width=\"509\" height=\"720\" src=\"https:\/\/www.mv-kleinneusiedl.com\/wp\/wp-content\/uploads\/2022\/11\/314482919_2771306463002397_9043870379078505280_n.png\" alt=\"\" class=\"wp-image-2884\" srcset=\"https:\/\/www.mv-kleinneusiedl.com\/wp\/wp-content\/uploads\/2022\/11\/314482919_2771306463002397_9043870379078505280_n.png 509w, https:\/\/www.mv-kleinneusiedl.com\/wp\/wp-content\/uploads\/2022\/11\/314482919_2771306463002397_9043870379078505280_n-212x300.png 212w\" sizes=\"auto, (max-width: 509px) 100vw, 509px\" \/><\/figure>\n\n\n\n<p>Mehr Infos zur Veranstaltung <a href=\"https:\/\/www.klein-neusiedl.gv.at\/Weihnachtsmarkt_1\" data-type=\"URL\" data-id=\"https:\/\/www.klein-neusiedl.gv.at\/Weihnachtsmarkt_1\" target=\"_blank\" rel=\"noreferrer noopener\">hier<\/a>.<\/p>\n","protected":false},"excerpt":{"rendered":"<p>Kalender raus, Termin eintragen! Am 3. Dezember 2022 findet ab 15 Uhr in der Kellerzeile in Klein-Neusiedl ein Weihnachtsmarkt mit zahlreichen Kleinneusiedler Unternehmen und Vereinen statt. Und wir sind nat\u00fcrlich auch dabei und sorgen von 16 bis 17 Uhr mit weihnachtlicher Musik f\u00fcr eine hoffentlich sch\u00f6ne, besinnliche Stimmung. Wir sehen uns hoffentlich alle am 3. [&hellip;]<\/p>\n","protected":false},"author":2,"featured_media":2884,"comment_status":"open","ping_status":"open","sticky":false,"template":"","format":"standard","meta":{"ngg_post_thumbnail":0,"footnotes":""},"categories":[10],"tags":[],"class_list":["post-2883","post","type-post","status-publish","format-standard","has-post-thumbnail","hentry","category-auftritt"],"_links":{"self":[{"href":"https:\/\/www.mv-kleinneusiedl.com\/index.php?rest_route=\/wp\/v2\/posts\/2883","targetHints":{"allow":["GET"]}}],"collection":[{"href":"https:\/\/www.mv-kleinneusiedl.com\/index.php?rest_route=\/wp\/v2\/posts"}],"about":[{"href":"https:\/\/www.mv-kleinneusiedl.com\/index.php?rest_route=\/wp\/v2\/types\/post"}],"author":[{"embeddable":true,"href":"https:\/\/www.mv-kleinneusiedl.com\/index.php?rest_route=\/wp\/v2\/users\/2"}],"replies":[{"embeddable":true,"href":"https:\/\/www.mv-kleinneusiedl.com\/index.php?rest_route=%2Fwp%2Fv2%2Fcomments&post=2883"}],"version-history":[{"count":1,"href":"https:\/\/www.mv-kleinneusiedl.com\/index.php?rest_route=\/wp\/v2\/posts\/2883\/revisions"}],"predecessor-version":[{"id":2885,"href":"https:\/\/www.mv-kleinneusiedl.com\/index.php?rest_route=\/wp\/v2\/posts\/2883\/revisions\/2885"}],"wp:featuredmedia":[{"embeddable":true,"href":"https:\/\/www.mv-kleinneusiedl.com\/index.php?rest_route=\/wp\/v2\/media\/2884"}],"wp:attachment":[{"href":"https:\/\/www.mv-kleinneusiedl.com\/index.php?rest_route=%2Fwp%2Fv2%2Fmedia&parent=2883"}],"wp:term":[{"taxonomy":"category","embeddable":true,"href":"https:\/\/www.mv-kleinneusiedl.com\/index.php?rest_route=%2Fwp%2Fv2%2Fcategories&post=2883"},{"taxonomy":"post_tag","embeddable":true,"href":"https:\/\/www.mv-kleinneusiedl.com\/index.php?rest_route=%2Fwp%2Fv2%2Ftags&post=2883"}],"curies":[{"name":"wp","href":"https:\/\/api.w.org\/{rel}","templated":true}]}}