{"id":2838,"date":"2022-09-29T13:23:40","date_gmt":"2022-09-29T11:23:40","guid":{"rendered":"https:\/\/www.mv-kleinneusiedl.com\/?p=2838"},"modified":"2022-11-04T11:35:40","modified_gmt":"2022-11-04T10:35:40","slug":"xx-kinder-nutzen-die-musikalische-frueherziehung","status":"publish","type":"post","link":"https:\/\/www.mv-kleinneusiedl.com\/?p=2838","title":{"rendered":"16 Kinder nutzen die musikalische Fr\u00fcherziehung"},"content":{"rendered":"\n<p>Yes. Gleich 16 Kinder (vier in der Kindergartengruppe, sechs in der Vorschulgruppe und sechs weitere f\u00fcr den Blockfl\u00f6tenunterricht) haben beim ersten Mal die musikalische Fr\u00fcherziehung des MV Kleinneusiedl genutzt. Gemeinsam mit Fl\u00f6tenlehrerin Orsolya Stefan haben unsere Jugendbetreuerinnen Irina Bayer und Regine Bucher mit den Kindern musiziert und Spa\u00df an Musik und Bewegung gehabt. Drei weitere Kinder starten demn\u00e4chst mit dem Schlagzeugunterricht. N\u00e4chsten Freitag geht es weiter, Neu-Einsteiger sind gerne willkommen, schaut einfach am Freitag um 14.30 Uhr im Musikerheim in Kleinneusiedl vorbei.<\/p>\n\n\n\n<figure class=\"wp-block-image size-large is-style-default\"><img loading=\"lazy\" decoding=\"async\" width=\"2048\" height=\"1396\" src=\"https:\/\/www.mv-kleinneusiedl.com\/wp\/wp-content\/uploads\/2022\/09\/mv-1-2048x1396.jpg\" alt=\"\" class=\"wp-image-2860\" srcset=\"https:\/\/www.mv-kleinneusiedl.com\/wp\/wp-content\/uploads\/2022\/09\/mv-1-2048x1396.jpg 2048w, https:\/\/www.mv-kleinneusiedl.com\/wp\/wp-content\/uploads\/2022\/09\/mv-1-300x204.jpg 300w, https:\/\/www.mv-kleinneusiedl.com\/wp\/wp-content\/uploads\/2022\/09\/mv-1-1536x1047.jpg 1536w, https:\/\/www.mv-kleinneusiedl.com\/wp\/wp-content\/uploads\/2022\/09\/mv-1-1568x1069.jpg 1568w\" sizes=\"auto, (max-width: 2048px) 100vw, 2048px\" \/><\/figure>\n\n\n\nngg_shortcode_0_placeholder\n","protected":false},"excerpt":{"rendered":"<p>Yes. Gleich 16 Kinder (vier in der Kindergartengruppe, sechs in der Vorschulgruppe und sechs weitere f\u00fcr den Blockfl\u00f6tenunterricht) haben beim ersten Mal die musikalische Fr\u00fcherziehung des MV Kleinneusiedl genutzt. Gemeinsam mit Fl\u00f6tenlehrerin Orsolya Stefan haben unsere Jugendbetreuerinnen Irina Bayer und Regine Bucher mit den Kindern musiziert und Spa\u00df an Musik und Bewegung gehabt. Drei weitere [&hellip;]<\/p>\n","protected":false},"author":2,"featured_media":2860,"comment_status":"open","ping_status":"open","sticky":false,"template":"","format":"standard","meta":{"ngg_post_thumbnail":0,"footnotes":""},"categories":[4],"tags":[],"class_list":["post-2838","post","type-post","status-publish","format-standard","has-post-thumbnail","hentry","category-verein"],"_links":{"self":[{"href":"https:\/\/www.mv-kleinneusiedl.com\/index.php?rest_route=\/wp\/v2\/posts\/2838","targetHints":{"allow":["GET"]}}],"collection":[{"href":"https:\/\/www.mv-kleinneusiedl.com\/index.php?rest_route=\/wp\/v2\/posts"}],"about":[{"href":"https:\/\/www.mv-kleinneusiedl.com\/index.php?rest_route=\/wp\/v2\/types\/post"}],"author":[{"embeddable":true,"href":"https:\/\/www.mv-kleinneusiedl.com\/index.php?rest_route=\/wp\/v2\/users\/2"}],"replies":[{"embeddable":true,"href":"https:\/\/www.mv-kleinneusiedl.com\/index.php?rest_route=%2Fwp%2Fv2%2Fcomments&post=2838"}],"version-history":[{"count":4,"href":"https:\/\/www.mv-kleinneusiedl.com\/index.php?rest_route=\/wp\/v2\/posts\/2838\/revisions"}],"predecessor-version":[{"id":2863,"href":"https:\/\/www.mv-kleinneusiedl.com\/index.php?rest_route=\/wp\/v2\/posts\/2838\/revisions\/2863"}],"wp:featuredmedia":[{"embeddable":true,"href":"https:\/\/www.mv-kleinneusiedl.com\/index.php?rest_route=\/wp\/v2\/media\/2860"}],"wp:attachment":[{"href":"https:\/\/www.mv-kleinneusiedl.com\/index.php?rest_route=%2Fwp%2Fv2%2Fmedia&parent=2838"}],"wp:term":[{"taxonomy":"category","embeddable":true,"href":"https:\/\/www.mv-kleinneusiedl.com\/index.php?rest_route=%2Fwp%2Fv2%2Fcategories&post=2838"},{"taxonomy":"post_tag","embeddable":true,"href":"https:\/\/www.mv-kleinneusiedl.com\/index.php?rest_route=%2Fwp%2Fv2%2Ftags&post=2838"}],"curies":[{"name":"wp","href":"https:\/\/api.w.org\/{rel}","templated":true}]}}