{"id":2588,"date":"2022-04-29T13:55:26","date_gmt":"2022-04-29T11:55:26","guid":{"rendered":"https:\/\/www.mv-kleinneusiedl.com\/?p=2588"},"modified":"2022-04-29T13:55:26","modified_gmt":"2022-04-29T11:55:26","slug":"florianifeier-ff-fischamend-am-1-mai-2022","status":"publish","type":"post","link":"https:\/\/www.mv-kleinneusiedl.com\/?p=2588","title":{"rendered":"Florianifeier FF Fischamend am 1. Mai 2022"},"content":{"rendered":"<p>Wehe wenn sie losgelassen! Nach zwei Jahren Pause spielen wir die Woche gleich dreifach auf. Am Montag durften wir ja unserem B\u00fcrgermeister ein Geburtstagsst\u00e4ndchen spielen, morgen sind wir nat\u00fcrlich beim Fackelzug in Kleinneusiedl dabei (ab 19 Uhr beim Feuerwehrhaus in Kleinneusiedl, kommt alle vorbei!) und Sonntag d\u00fcrfen wir die Florianifeier der Freiwilligen Feuerwehr Fischamend musikalisch begleiten. Wir sehen uns dort &#x1f609;&#x1f692;&#x1f525;&#x1f3ba;&#x1f3bc;<\/p>\n","protected":false},"excerpt":{"rendered":"<p>Wehe wenn sie losgelassen! Nach zwei Jahren Pause spielen wir die Woche gleich dreifach auf. Am Montag durften wir ja unserem B\u00fcrgermeister ein Geburtstagsst\u00e4ndchen spielen, morgen sind wir nat\u00fcrlich beim Fackelzug in Kleinneusiedl dabei (ab 19 Uhr beim Feuerwehrhaus in Kleinneusiedl, kommt alle vorbei!) und Sonntag d\u00fcrfen wir die Florianifeier der Freiwilligen Feuerwehr Fischamend musikalisch [&hellip;]<\/p>\n","protected":false},"author":2,"featured_media":0,"comment_status":"open","ping_status":"open","sticky":false,"template":"","format":"standard","meta":{"ngg_post_thumbnail":0,"footnotes":""},"categories":[10],"tags":[],"class_list":["post-2588","post","type-post","status-publish","format-standard","hentry","category-auftritt"],"_links":{"self":[{"href":"https:\/\/www.mv-kleinneusiedl.com\/index.php?rest_route=\/wp\/v2\/posts\/2588","targetHints":{"allow":["GET"]}}],"collection":[{"href":"https:\/\/www.mv-kleinneusiedl.com\/index.php?rest_route=\/wp\/v2\/posts"}],"about":[{"href":"https:\/\/www.mv-kleinneusiedl.com\/index.php?rest_route=\/wp\/v2\/types\/post"}],"author":[{"embeddable":true,"href":"https:\/\/www.mv-kleinneusiedl.com\/index.php?rest_route=\/wp\/v2\/users\/2"}],"replies":[{"embeddable":true,"href":"https:\/\/www.mv-kleinneusiedl.com\/index.php?rest_route=%2Fwp%2Fv2%2Fcomments&post=2588"}],"version-history":[{"count":1,"href":"https:\/\/www.mv-kleinneusiedl.com\/index.php?rest_route=\/wp\/v2\/posts\/2588\/revisions"}],"predecessor-version":[{"id":2589,"href":"https:\/\/www.mv-kleinneusiedl.com\/index.php?rest_route=\/wp\/v2\/posts\/2588\/revisions\/2589"}],"wp:attachment":[{"href":"https:\/\/www.mv-kleinneusiedl.com\/index.php?rest_route=%2Fwp%2Fv2%2Fmedia&parent=2588"}],"wp:term":[{"taxonomy":"category","embeddable":true,"href":"https:\/\/www.mv-kleinneusiedl.com\/index.php?rest_route=%2Fwp%2Fv2%2Fcategories&post=2588"},{"taxonomy":"post_tag","embeddable":true,"href":"https:\/\/www.mv-kleinneusiedl.com\/index.php?rest_route=%2Fwp%2Fv2%2Ftags&post=2588"}],"curies":[{"name":"wp","href":"https:\/\/api.w.org\/{rel}","templated":true}]}}